{"id":5045,"date":"2020-06-23T09:55:19","date_gmt":"2020-06-23T07:55:19","guid":{"rendered":"https:\/\/www.prospectivecooperation.org\/mobilisation-citoyenne-et-solidaire-pour-laccompagnement-du-deconfinement-post-covid-19-a-marseille-corhesan\/"},"modified":"2022-07-29T15:25:35","modified_gmt":"2022-07-29T13:25:35","slug":"mobilizacao-dos-cidadaos-e-solidariedade-para-o-acompanhamento-dos-impactos-da-covid-19-em-marselha-corhesan","status":"publish","type":"post","link":"https:\/\/www.prospectivecooperation.org\/pt-br\/mobilizacao-dos-cidadaos-e-solidariedade-para-o-acompanhamento-dos-impactos-da-covid-19-em-marselha-corhesan\/","title":{"rendered":"Mobiliza\u00e7\u00e3o dos cidad\u00e3os e solidariedade para o acompanhamento dos impactos da Covid-19 em Marselha (CORHESAN)"},"content":{"rendered":"<div class=\"wpb-content-wrapper\"><p>[vc_row][vc_column][vc_column_text]<\/p>\n<h6 style=\"text-align: justify;\">O per\u00edodo de desconex\u00e3o deve responder a um duplo desafio: epidemiol\u00f3gico, por um lado, isto \u00e9, organizar-se \u00abpara romper o mais rapidamente poss\u00edvel as cadeias de transmiss\u00e3o, (em torno de um) percurso de suporte correspondente (&#8230;) optimizado a fim de reduzir ao m\u00e1ximo o tempo entre o in\u00edcio dos sinais e a fim de reduzir ao m\u00e1ximo o prazo entre o in\u00edcio dos sinais e a aplica\u00e7\u00e3o das condutas a considerar pertinentes\u00bb. Trata-se, ao mesmo tempo, de respeitar os desafios de informa\u00e7\u00e3o, de responsabilidade dos cidad\u00e3os e de empenhamento coletivo defendidos pelo Conselho Constitucional.<\/h6>\n<h6 style=\"text-align: justify;\"><span style=\"color: #99cc00;\">Foi neste contexto que foi montado o projeto de mobiliza\u00e7\u00e3o cidad\u00e3 e solid\u00e1ria para o acompanhamento do descongestionamento p\u00f3s-Genebra-19 em Marselha (CORHESAN) em parceria com o Hospital Europeu e o AMU-SESSTIM.<\/span><\/h6>\n<p>Garantir o consentimento esclarecido e o respeito das liberdades individuais dos doentes afetados pelas medidas de prote\u00e7\u00e3o e de isolamento; assegurar o apoio e o empowerment das pessoas mais vulner\u00e1veis atrav\u00e9s das redes de cidad\u00e3os de proximidade e de agentes humanit\u00e1rios experientes \u00e9 uma injun\u00e7\u00e3o \u00e9tica compartilhada por todos os intervenientes. O \u00eaxito da estrat\u00e9gia de luta contra a pandemia passa, assim, por uma mobiliza\u00e7\u00e3o dos atores no terreno (atores da solidariedade e da assist\u00eancia social, m\u00e9dicos de cidade), da sociedade civil (associa\u00e7\u00f5es de cidad\u00e3os e solid\u00e1rias) e das coletividades locais, juntamente com os agentes de sa\u00fade (hospitalares e sa\u00fade p\u00fablica).<\/p>\n<p>Neste contexto, a \u201cProspective et Coop\u00e9ration\u201d assegura a coordena\u00e7\u00e3o entre todas estas categorias de intervenientes.<\/p>\n<p><span style=\"text-decoration: underline;\"><span style=\"color: #999999;\"><em>Mais informa\u00e7\u00f5es sobre o projeto<\/em><\/span><\/span><\/p>\n<p>&gt;&gt;\u00a0<strong><span style=\"color: #99cc00;\"><a href=\"https:\/\/www.prospectivecooperation.org\/wp-content\/uploads\/2020\/06\/ProjetCORHESAN-2020_site.pdf\" target=\"_blank\" rel=\"noopener noreferrer\">Pr\u00e9sentation du projet<\/a><br \/>\n<\/span><\/strong>&gt;&gt; <strong><a href=\"https:\/\/www.hopital-europeen.fr\/corhesan\" target=\"_blank\" rel=\"noopener noreferrer\">L&#8217;article sur le site de l&#8217;H\u00f4pital Europ\u00e9en<\/a><\/strong><\/p>\n<p>&nbsp;<\/p>\n<p><strong>Retours de la presse sur ce projet<\/strong>[\/vc_column_text][\/vc_column][\/vc_row][vc_row][vc_column width=&#8221;1\/2&#8243;][vc_column_text]<\/p>\n<h2>Europe 1 &#8211; 3 janvier 2022<\/h2>\n<p><a href=\"https:\/\/www.europe1.fr\/sante\/covid-19-a-marseille-une-vaccination-de-rue-sans-rendez-vous-pour-convaincre-les-indecis-4085684\" target=\"_blank\" rel=\"noopener noreferrer\"><img loading=\"lazy\" decoding=\"async\" class=\"alignnone size-medium wp-image-4525\" src=\"https:\/\/www.prospectivecooperation.org\/wp-content\/uploads\/2020\/06\/Europe1-312022-1-300x170.png\" alt=\"\" width=\"300\" height=\"170\" srcset=\"https:\/\/www.prospectivecooperation.org\/wp-content\/uploads\/2020\/06\/Europe1-312022-1-300x170.png 300w, https:\/\/www.prospectivecooperation.org\/wp-content\/uploads\/2020\/06\/Europe1-312022-1.png 537w\" sizes=\"auto, (max-width: 300px) 100vw, 300px\" \/><\/a>[\/vc_column_text][\/vc_column][vc_column width=&#8221;1\/2&#8243;][vc_column_text]<\/p>\n<h2>CNews &#8211; 7 janvier 2022<\/h2>\n<p><a href=\"https:\/\/www.dailymotion.com\/video\/x86w6s4\" target=\"_blank\" rel=\"noopener noreferrer\"><img loading=\"lazy\" decoding=\"async\" class=\"alignnone size-medium wp-image-4529\" src=\"https:\/\/www.prospectivecooperation.org\/wp-content\/uploads\/2020\/06\/CNews-712022-1-300x166.png\" alt=\"\" width=\"300\" height=\"166\" srcset=\"https:\/\/www.prospectivecooperation.org\/wp-content\/uploads\/2020\/06\/CNews-712022-1-300x166.png 300w, https:\/\/www.prospectivecooperation.org\/wp-content\/uploads\/2020\/06\/CNews-712022-1.png 541w\" sizes=\"auto, (max-width: 300px) 100vw, 300px\" \/><\/a>[\/vc_column_text][\/vc_column][\/vc_row][vc_row][vc_column][vc_gallery type=&#8221;grid&#8221; images=&#8221;4013,3745&#8243; onclick=&#8221;custom_link&#8221; custom_links_target=&#8221;_blank&#8221; grid_number=&#8221;4&#8243; title=&#8221;Partenaires&#8221; custom_links=&#8221;#E-8_aHR0cHMlM0ElMkYlMkZ3d3cuaG9waXRhbC1ldXJvcGVlbi5mciUyRiUyQ2h0dHBzJTNBJTJGJTJGc2Vzc3RpbS51bml2LWFtdS5mciUyRiUyQw==&#8221;][vc_column_text]<\/p>\n<p style=\"text-align: justify;\"><strong><span style=\"color: #99cc00;\">&gt;&gt; <\/span>L&#8217;H\u00f4pital Europ\u00e9en<\/strong>\u00a0est un \u00e9tablissement de sant\u00e9 priv\u00e9 \u00e0 but non lucratif et avec d\u00e9l\u00e9gation de service publique situ\u00e9 au centre d\u2019Eurom\u00e9diterran\u00e9e. Il propose une capacit\u00e9 d\u2019accueil de 610 lits et places et emploie plus de 1200 salari\u00e9s et 300 m\u00e9decins lib\u00e9raux. Il s\u2019appuie sur un projet m\u00e9dical ambitieux dont les jalons ont \u00e9t\u00e9 pos\u00e9s par les H\u00f4pitaux Ambroise Par\u00e9 et Paul Desbief. Structur\u00e9e autour des <strong>p\u00f4les d\u2019excellence<\/strong> qui faisaient d\u00e9j\u00e0 la renomm\u00e9e de ces \u00e9tablissements, l\u2019offre de soins de l\u2019H\u00f4pital Europ\u00e9en est compl\u00e9t\u00e9e par un <strong>plateau technique moderne et complet<\/strong>. Etablissement de sant\u00e9 de niveau 2A dans la gestion de l\u2019\u00e9pid\u00e9mie de COVID-19, l\u2019H\u00f4pital Europ\u00e9en a \u00e9t\u00e9 activ\u00e9 par l\u2019ARS d\u00e8s le 28 f\u00e9vrier 2020. Il a jou\u00e9 un r\u00f4le important dans la prise en charge du COVID-19 dans les quartiers populaires centraux de Marseille.<\/p>\n<p><a href=\"https:\/\/www.hopital-europeen.fr\/\" target=\"_blank\" rel=\"noopener noreferrer\">En savoir plus sur l&#8217;H\u00f4pital Europ\u00e9en de Marseille<\/a><\/p>\n<p style=\"text-align: justify;\"><strong><span style=\"color: #99cc00;\">&gt;&gt;<\/span> L\u2019Unit\u00e9 Mixte de Recherche 1252 SESSTIM<\/strong> <strong>&#8211; Sciences Economiques et Sociales de la Sant\u00e9 &amp; Traitement de l&#8217;Information M\u00e9dicale <\/strong>(Inserm \/ IRD \/ Aix Marseille Universit\u00e9) est issue du rapprochement entre l&#8217;UMR SE4S (Sciences Economiques &amp; Sociales, Syst\u00e8mes de Sant\u00e9, Soci\u00e9t\u00e9s) et l&#8217;\u00e9quipe du LERTIM (Laboratoire d&#8217;Enseignement et de Recherche sur le Traitement de l&#8217;Information M\u00e9dicale).\u00a0Elle regroupe trois \u00e9quipes en <strong>sciences \u00e9conomiques, humaines et sociales (SHES) et sant\u00e9 publique<\/strong> centr\u00e9es sur des applications aux cancers (Equipe CAN-BIOS), aux maladies infectieuses et addictions (Equipe SanteRCom), et sur le traitement de l\u2019information m\u00e9dicale (Equipe QuanTIM). Les membres de ces \u00e9quipes ont des connaissances, des comp\u00e9tences et une expertise dans le domaine des sciences humaines et sociales, de la <strong>recherche communautaire<\/strong>, des sciences \u00e9conomiques, de <strong>l\u2019\u00e9pid\u00e9miologie,<\/strong> de l\u2019\u00e9pid\u00e9miologie psychosociale, de <strong>l\u2019anthropologie,<\/strong> de la <strong>sociologie,<\/strong> de la <strong>g\u00e9ographie,<\/strong> de la <strong>biostatistique<\/strong> et de l\u2019<strong>informatique m\u00e9dicale<\/strong>.<\/p>\n<p><a href=\"https:\/\/sesstim.univ-amu.fr\/page\/presentation-du-sesstim\" target=\"_blank\" rel=\"noopener noreferrer\">En savoir plus sur le SESSTIM<\/a>[\/vc_column_text][\/vc_column][\/vc_row]<\/p>\n<\/div>","protected":false},"excerpt":{"rendered":"<p>[vc_row][vc_column][vc_column_text] O per\u00edodo de desconex\u00e3o deve responder a um duplo desafio: epidemiol\u00f3gico, por um lado, isto \u00e9, organizar-se \u00abpara romper o mais rapidamente poss\u00edvel as cadeias de transmiss\u00e3o, (em torno de um) percurso de suporte correspondente (&#8230;) optimizado a fim de reduzir ao m\u00e1ximo o tempo entre o in\u00edcio dos sinais e a fim de reduzir ao m\u00e1ximo o prazo [&hellip;]<\/p>\n","protected":false},"author":5,"featured_media":4024,"comment_status":"open","ping_status":"open","sticky":false,"template":"","format":"standard","meta":{"footnotes":""},"categories":[235],"tags":[],"class_list":["post-5045","post","type-post","status-publish","format-standard","has-post-thumbnail","hentry","category-ead-pt-br"],"_links":{"self":[{"href":"https:\/\/www.prospectivecooperation.org\/pt-br\/wp-json\/wp\/v2\/posts\/5045","targetHints":{"allow":["GET"]}}],"collection":[{"href":"https:\/\/www.prospectivecooperation.org\/pt-br\/wp-json\/wp\/v2\/posts"}],"about":[{"href":"https:\/\/www.prospectivecooperation.org\/pt-br\/wp-json\/wp\/v2\/types\/post"}],"author":[{"embeddable":true,"href":"https:\/\/www.prospectivecooperation.org\/pt-br\/wp-json\/wp\/v2\/users\/5"}],"replies":[{"embeddable":true,"href":"https:\/\/www.prospectivecooperation.org\/pt-br\/wp-json\/wp\/v2\/comments?post=5045"}],"version-history":[{"count":2,"href":"https:\/\/www.prospectivecooperation.org\/pt-br\/wp-json\/wp\/v2\/posts\/5045\/revisions"}],"predecessor-version":[{"id":5047,"href":"https:\/\/www.prospectivecooperation.org\/pt-br\/wp-json\/wp\/v2\/posts\/5045\/revisions\/5047"}],"wp:featuredmedia":[{"embeddable":true,"href":"https:\/\/www.prospectivecooperation.org\/pt-br\/wp-json\/wp\/v2\/media\/4024"}],"wp:attachment":[{"href":"https:\/\/www.prospectivecooperation.org\/pt-br\/wp-json\/wp\/v2\/media?parent=5045"}],"wp:term":[{"taxonomy":"category","embeddable":true,"href":"https:\/\/www.prospectivecooperation.org\/pt-br\/wp-json\/wp\/v2\/categories?post=5045"},{"taxonomy":"post_tag","embeddable":true,"href":"https:\/\/www.prospectivecooperation.org\/pt-br\/wp-json\/wp\/v2\/tags?post=5045"}],"curies":[{"name":"wp","href":"https:\/\/api.w.org\/{rel}","templated":true}]}}