{"id":6084,"date":"2024-04-10T12:21:28","date_gmt":"2024-04-10T10:21:28","guid":{"rendered":"https:\/\/www.prospectivecooperation.org\/taller-debate-no-1-los-cubos-de-basura-nuestras-vidas-mitos-y-realidades-de-la-industria-mundial-del-reciclaje-marsella-5-de-julio-de-2018\/"},"modified":"2024-04-10T12:29:22","modified_gmt":"2024-04-10T10:29:22","slug":"taller-debate-no-1-los-cubos-de-basura-nuestras-vidas-mitos-y-realidades-de-la-industria-mundial-del-reciclaje-marsella-5-de-julio-de-2018","status":"publish","type":"post","link":"https:\/\/www.prospectivecooperation.org\/es\/taller-debate-no-1-los-cubos-de-basura-nuestras-vidas-mitos-y-realidades-de-la-industria-mundial-del-reciclaje-marsella-5-de-julio-de-2018\/","title":{"rendered":"Taller-debate n\u00ba 1: Los cubos de basura, \u00bfnuestras vidas? Mitos y realidades de la industria mundial del reciclaje, Marsella, 5 de julio de 2018"},"content":{"rendered":"<div class=\"wpb-content-wrapper\"><p>[vc_row][vc_column][vc_column_text]Desde el 1 de enero de 2018, China ha cerrado sus fronteras a las importaciones de 24 tipos de materiales detr\u00edticos (incluidos papel, pl\u00e1sticos y textiles). Durante varias d\u00e9cadas, desde que el pa\u00eds se abri\u00f3 al comercio internacional, estos residuos, procedentes principalmente de Estados Unidos o Europa, hab\u00edan sido reciclados por diversos actores, desde peque\u00f1as f\u00e1bricas familiares hasta empresas industriales de escala nacional. Pero China ya no quiere ser \u00abel cubo de basura del mundo\u00bb, y ahora quiere elegir los materiales que entran en su territorio en funci\u00f3n de su calidad.<\/p>\n<p>Estos acontecimientos internacionales revelan la econom\u00eda globalizada de los residuos y el reciclaje, que se ha ido estructurando en torno a las oportunidades que ofrece el comercio internacional, y en la que China no es el \u00fanico protagonista. Son las m\u00faltiples cadenas de actores que, de unos a otros, participan en estos intercambios y en estas transformaciones materiales en todo el mundo. Estas personas han construido su futuro individual y colectivo sobre dep\u00f3sitos de residuos que siguen creciendo: minas de basura que esperan convertir en oro.<\/p>\n<p><strong>\u00bfC\u00f3mo podemos reflexionar sobre las cuestiones socioecon\u00f3micas, pol\u00edticas y ecol\u00f3gicas asociadas a estos flujos materiales? \u00bfPueden considerarse los residuos como indicadores de desarrollo o como reveladores de desigualdades? \u00bfC\u00f3mo podemos entender y contar las historias de las personas implicadas en estos canales entrelazados: entre arquetipos globalizados y destinos singulares? \u00bfQu\u00e9 podemos hacer con las im\u00e1genes que circulan, los rel\u00e9s medi\u00e1ticos y los imaginarios asociados a estas pr\u00e1cticas de desecho? \u00bfQu\u00e9 im\u00e1genes y discursos deben producirse y con qu\u00e9 fin?<\/strong><\/p>\n<p>Los debates estar\u00e1n dirigidos por:<\/p>\n<ul>\n<li><strong>Mika\u00ebla Le Meur<\/strong>, antrop\u00f3loga, doctoranda en la Universidad Libre de Bruselas sobre la cuesti\u00f3n de los residuos pl\u00e1sticos y el reciclaje en Vietnam y coadministradora de Tamis, y<\/li>\n<li><strong>J\u00e9r\u00e9mie Cav\u00e9<\/strong>, consultor-investigador independiente en ecolog\u00eda urbana, profesora en Sciences Po Toulouse y autora del libro <em>La Ru\u00e9e vers l&#8217;Ordure<\/em>.<\/li>\n<\/ul>\n<p>El <em>taller se celebra en Les Docks con motivo de la exposici\u00f3n fotogr\u00e1fica \u00bb <\/em><a href=\"https:\/\/sud.hypotheses.org\/2547\"><em>La Mise en Image du Rebut.<\/em><\/a> <a href=\"https:\/\/sud.hypotheses.org\/2547\"><em>Mati\u00e8res, corp(u)s et pratiques autour des d\u00e9chets<\/em><\/a>\u00ab<em>, presentada en la plaza del mercado del 3 al 17 de julio de 2018 por la red Soci\u00e9t\u00e9s Urbaines et D\u00e9chets y la Agence Fran\u00e7aise de D\u00e9veloppement<\/em>.<\/p>\n<p><a href=\"https:\/\/www.prospectivecooperation.org\/wp-content\/uploads\/2018\/06\/AtelierD%C3%A9bat5Juillet2018-D%C3%A9chets-leg.pdf\">Descargar el programa completo<\/a>[\/vc_column_text][\/vc_column][\/vc_row][vc_row][vc_column][vc_gallery type=\u00bbgrid\u00bb images=\u00bb2902,3587,3580&#8243; onclick=\u00bbcustom_link\u00bb custom_links_target=\u00bb_blank\u00bb title=\u00bbSocios\u00bb custom_links=\u00bb#E-8_aHR0cCUzQSUyRiUyRnd3dy5sZXNkb2Nrcy1tYXJzZWlsbGUuY29tJTJGZnIlMkYlMkNodHRwJTNBJTJGJTJGd3d3LmxldGFtaXMub3JnJTJGJTJDaHR0cHMlM0ElMkYlMkZ3d3cuY2VmZWItYWx1bW5pLm9yZyUyRnBhZ2UlMkZwcmVzZW50YXRpb24=\u00bb][\/vc_column][\/vc_row]<\/p>\n<\/div>","protected":false},"excerpt":{"rendered":"<p>[vc_row][vc_column][vc_column_text]Desde el 1 de enero de 2018, China ha cerrado sus fronteras a las importaciones de 24 tipos de materiales detr\u00edticos (incluidos papel, pl\u00e1sticos y textiles). Durante varias d\u00e9cadas, desde que el pa\u00eds se abri\u00f3 al comercio internacional, estos residuos, procedentes principalmente de Estados Unidos o Europa, hab\u00edan sido reciclados por diversos actores, desde peque\u00f1as f\u00e1bricas familiares hasta empresas industriales [&hellip;]<\/p>\n","protected":false},"author":5,"featured_media":0,"comment_status":"closed","ping_status":"closed","sticky":false,"template":"","format":"standard","meta":{"footnotes":""},"categories":[304],"tags":[],"class_list":["post-6084","post","type-post","status-publish","format-standard","hentry","category-taller-debate"],"_links":{"self":[{"href":"https:\/\/www.prospectivecooperation.org\/es\/wp-json\/wp\/v2\/posts\/6084","targetHints":{"allow":["GET"]}}],"collection":[{"href":"https:\/\/www.prospectivecooperation.org\/es\/wp-json\/wp\/v2\/posts"}],"about":[{"href":"https:\/\/www.prospectivecooperation.org\/es\/wp-json\/wp\/v2\/types\/post"}],"author":[{"embeddable":true,"href":"https:\/\/www.prospectivecooperation.org\/es\/wp-json\/wp\/v2\/users\/5"}],"replies":[{"embeddable":true,"href":"https:\/\/www.prospectivecooperation.org\/es\/wp-json\/wp\/v2\/comments?post=6084"}],"version-history":[{"count":2,"href":"https:\/\/www.prospectivecooperation.org\/es\/wp-json\/wp\/v2\/posts\/6084\/revisions"}],"predecessor-version":[{"id":6086,"href":"https:\/\/www.prospectivecooperation.org\/es\/wp-json\/wp\/v2\/posts\/6084\/revisions\/6086"}],"wp:attachment":[{"href":"https:\/\/www.prospectivecooperation.org\/es\/wp-json\/wp\/v2\/media?parent=6084"}],"wp:term":[{"taxonomy":"category","embeddable":true,"href":"https:\/\/www.prospectivecooperation.org\/es\/wp-json\/wp\/v2\/categories?post=6084"},{"taxonomy":"post_tag","embeddable":true,"href":"https:\/\/www.prospectivecooperation.org\/es\/wp-json\/wp\/v2\/tags?post=6084"}],"curies":[{"name":"wp","href":"https:\/\/api.w.org\/{rel}","templated":true}]}}