{"id":6080,"date":"2024-04-10T12:15:38","date_gmt":"2024-04-10T10:15:38","guid":{"rendered":"https:\/\/www.prospectivecooperation.org\/taller-debate-n-o-3-el-mediterraneo-un-caso-de-manual-de-criminalizacion-de-la-migracion-marsella-8-de-noviembre-de-2017\/"},"modified":"2024-04-10T12:19:23","modified_gmt":"2024-04-10T10:19:23","slug":"taller-debate-n-o-3-el-mediterraneo-un-caso-de-manual-de-criminalizacion-de-la-migracion-marsella-8-de-noviembre-de-2017","status":"publish","type":"post","link":"https:\/\/www.prospectivecooperation.org\/es\/taller-debate-n-o-3-el-mediterraneo-un-caso-de-manual-de-criminalizacion-de-la-migracion-marsella-8-de-noviembre-de-2017\/","title":{"rendered":"Taller-debate n.\u00ba 3: El mediterr\u00e1neo, un caso de manual de criminalizaci\u00f3n de la migraci\u00f3n, Marsella, 8 de noviembre de 2017"},"content":{"rendered":"<div class=\"wpb-content-wrapper\"><p>[vc_row][vc_column][vc_column_text]<br \/>\nEste tercer taller-debate propone una reflexi\u00f3n sobre la ruta migratoria del Mediterr\u00e1neo central, que en los \u00faltimos a\u00f1os se ha convertido en la m\u00e1s mort\u00edfera del mundo. Ahora plantea retos humanos, pol\u00edticos y econ\u00f3micos para todos los pa\u00edses de la regi\u00f3n. Los actores humanitarios de la sociedad civil y, m\u00e1s en general, los ciudadanos comprometidos con la solidaridad, se enfrentan a situaciones dram\u00e1ticas, tanto en tierra como en el mar. Tambi\u00e9n se enfrentan cada vez m\u00e1s al extremismo violento y a sociedades en las que se extienden la tensi\u00f3n y el miedo. La criminalizaci\u00f3n de la migraci\u00f3n, tendencia fundamental en Europa en los \u00faltimos 40 a\u00f1os, se ha extendido progresivamente a la ayuda humanitaria y a la solidaridad.<\/p>\n<p><strong>Ante estas amenazas a los convenios internacionales sobre derechos humanos, \u00bfqu\u00e9 tipo de defensa es posible ahora?<\/strong> <strong>\u00bfQu\u00e9 estrategia colectiva es necesaria para construir alternativas al extremismo violento?<\/strong><\/p>\n<p>Estos debates se basar\u00e1n en cuatro contribuciones espec\u00edficas y complementarias de la sociedad civil tunecina, libia y francesa y de la investigaci\u00f3n en ciencias humanas:<\/p>\n<ul>\n<li><strong>Jean-Yves ABECASSIS<\/strong>, voluntario de SOS MEDITERRANEE desde 2015, miembro del Consejo de Administraci\u00f3n y del Comit\u00e9 Ejecutivo, responsable de sensibilizaci\u00f3n.<\/li>\n<li><strong>Jamel MSALEM<\/strong>, presidente de la Liga Tunecina de Derechos Humanos (LTDH)<\/li>\n<li><strong>Camille CASSARINI<\/strong>, doctoranda en Geograf\u00eda por la Universidad de Aix-Marsella y adscrita al Laboratorio Poblaci\u00f3n Medio Ambiente y Desarrollo (LPED), dependiente del IRD.<\/li>\n<li><strong>Ramadan ALAMAMI<\/strong>, abogado y asistente de programa en el Instituto de Estudios de Derechos Humanos de El Cairo.<\/li>\n<\/ul>\n<p><em>Este taller-debate se organiza en el marco de nuestra serie de encuentros entre investigadores y profesionales del desarrollo y la cooperaci\u00f3n, y con ocasi\u00f3n de la reuni\u00f3n del comit\u00e9 de pilotaje del programa <\/em><a href=\"http:\/\/actives-actifs.org\/\"><strong><em>Soyons Actifs\/Actives<\/em><\/strong><\/a><em> (Programme Concert\u00e9 Pluri Acteurs-PCPA Tunisie) que se celebra en Marsella <\/em>.<\/p>\n<p><a href=\"https:\/\/www.prospectivecooperation.org\/wp-content\/uploads\/2017\/11\/C2-A3.pdf\">Descargar el programa completo<\/a>[\/vc_column_text][\/vc_column][\/vc_row][vc_row][vc_column][vc_gallery type=\u00bbgrid\u00bb images=\u00bb2516,2515&#8243; onclick=\u00bbcustom_link\u00bb custom_links_target=\u00bb_blank\u00bb title=\u00bbSocios\u00bb custom_links=\u00bb#E-8_aHR0cCUzQSUyRiUyRmFjdGl2ZXMtYWN0aWZzLm9yZyUyRiUyQ2h0dHAlM0ElMkYlMkZ3d3cuZXVyb21lZC1mcmFuY2Uub3JnJTJG\u00bb][\/vc_column][\/vc_row]<\/p>\n<\/div>","protected":false},"excerpt":{"rendered":"<p>[vc_row][vc_column][vc_column_text] Este tercer taller-debate propone una reflexi\u00f3n sobre la ruta migratoria del Mediterr\u00e1neo central, que en los \u00faltimos a\u00f1os se ha convertido en la m\u00e1s mort\u00edfera del mundo. Ahora plantea retos humanos, pol\u00edticos y econ\u00f3micos para todos los pa\u00edses de la regi\u00f3n. Los actores humanitarios de la sociedad civil y, m\u00e1s en general, los ciudadanos comprometidos con la solidaridad, se [&hellip;]<\/p>\n","protected":false},"author":5,"featured_media":0,"comment_status":"closed","ping_status":"closed","sticky":false,"template":"","format":"standard","meta":{"footnotes":""},"categories":[304],"tags":[],"class_list":["post-6080","post","type-post","status-publish","format-standard","hentry","category-taller-debate"],"_links":{"self":[{"href":"https:\/\/www.prospectivecooperation.org\/es\/wp-json\/wp\/v2\/posts\/6080","targetHints":{"allow":["GET"]}}],"collection":[{"href":"https:\/\/www.prospectivecooperation.org\/es\/wp-json\/wp\/v2\/posts"}],"about":[{"href":"https:\/\/www.prospectivecooperation.org\/es\/wp-json\/wp\/v2\/types\/post"}],"author":[{"embeddable":true,"href":"https:\/\/www.prospectivecooperation.org\/es\/wp-json\/wp\/v2\/users\/5"}],"replies":[{"embeddable":true,"href":"https:\/\/www.prospectivecooperation.org\/es\/wp-json\/wp\/v2\/comments?post=6080"}],"version-history":[{"count":2,"href":"https:\/\/www.prospectivecooperation.org\/es\/wp-json\/wp\/v2\/posts\/6080\/revisions"}],"predecessor-version":[{"id":6082,"href":"https:\/\/www.prospectivecooperation.org\/es\/wp-json\/wp\/v2\/posts\/6080\/revisions\/6082"}],"wp:attachment":[{"href":"https:\/\/www.prospectivecooperation.org\/es\/wp-json\/wp\/v2\/media?parent=6080"}],"wp:term":[{"taxonomy":"category","embeddable":true,"href":"https:\/\/www.prospectivecooperation.org\/es\/wp-json\/wp\/v2\/categories?post=6080"},{"taxonomy":"post_tag","embeddable":true,"href":"https:\/\/www.prospectivecooperation.org\/es\/wp-json\/wp\/v2\/tags?post=6080"}],"curies":[{"name":"wp","href":"https:\/\/api.w.org\/{rel}","templated":true}]}}