{"id":4189,"date":"2020-12-01T14:38:09","date_gmt":"2020-12-01T13:38:09","guid":{"rendered":"https:\/\/www.prospectivecooperation.org\/?p=4189"},"modified":"2022-04-05T13:05:45","modified_gmt":"2022-04-05T11:05:45","slug":"supporting-the-deconfinement-of-vulnerable-homeless-populations-in-marseilles-covidep-homeless","status":"publish","type":"post","link":"https:\/\/www.prospectivecooperation.org\/en\/supporting-the-deconfinement-of-vulnerable-homeless-populations-in-marseilles-covidep-homeless\/","title":{"rendered":"Supporting the deconfinement of vulnerable homeless populations in Marseilles (COVIDep Homeless)"},"content":{"rendered":"<div class=\"wpb-content-wrapper\"><p>[vc_row][vc_column][vc_column_text]<\/p>\n<h6 class=\"oBOnKe\" style=\"text-align: justify;\"><span class=\"JLqJ4b ChMk0b\" style=\"font-size: 16px;\" data-language-for-alternatives=\"en\" data-language-to-translate-into=\"fr\" data-phrase-index=\"0\">Isolated, deprived of access to free rest and cultural places, sanitary conditions deteriorated due to hygiene equipment closed, contaminated in accommodation centers where distances are difficult to respect&#8230; The health crisis has particularly impacted the homeless people<\/span><span class=\"JLqJ4b ChMk0b\" style=\"font-size: 16px;\" data-language-for-alternatives=\"en\" data-language-to-translate-into=\"fr\" data-phrase-index=\"1\">.<\/span> <span class=\"JLqJ4b ChMk0b\" style=\"font-size: 16px;\" data-language-for-alternatives=\"en\" data-language-to-translate-into=\"fr\" data-phrase-index=\"2\">To measure this impact, the AP-HM in partnership with M\u00e9decins du Monde and the ASSAb coordination (Access to rights and care for homeless people in Marseilles) funded by the ARS and carried by the European hospital, have<\/span> <span class=\"JLqJ4b ChMk0b\" style=\"font-size: 16px;\" data-language-for-alternatives=\"en\" data-language-to-translate-into=\"fr\" data-phrase-index=\"3\">launched in early June 2020 the COVIDep Homeless project.<\/span> <span class=\"JLqJ4b ChMk0b\" style=\"font-size: 16px;\" data-language-for-alternatives=\"en\" data-language-to-translate-into=\"fr\" data-phrase-index=\"4\">This research and innovation programme aims to analyze the consequences of COVID-19 on this population, already sanitary and socially vulnerable before the crisis, and to improve support strategies.<\/span><\/h6>\n<p style=\"text-align: justify;\"><strong>2,000 homeless people<\/strong> (living in the street, in emergency accommodation or in precarious housing, squats and slums) are being followed during 3 months. A systematic testing strategy by rapid serological test (TROD) and\/or rapid virological <strong>testing<\/strong> using the mobile Point of Care makes possible to assess the number and dynamics of infected cases in these populations. Morbi-mortality, prevalence of COVID-19, medico-social record, implementation of protection measures&#8230; COVIDep Homeless studies <strong>qualitative and quantitative<\/strong> data collected from all front-line actors concerned by the homelessness issue in Marseilles.<\/p>\n<p style=\"text-align: justify;\">Along with this statistical approach, a <strong>qualitative analysis<\/strong> process is carried out by sociologists to assess the <strong>psychological and social<\/strong> impact on the teams of partner structures and vulnerable populations during the crisis and post-crisis periods.<\/p>\n<p style=\"text-align: justify;\">The dual objective of this study is to measure the <strong>impact<\/strong> of the epidemic on homeless people and to enable public authorities to better adapt their support <strong>strategies<\/strong> for the most deprived people and improve their health.<\/p>\n<p style=\"text-align: justify;\"><span style=\"color: #99cc00;\">Within this project, Prospective &amp; Cooperation has notably enabled the rapid recruitment of more than fifteen investigators and mediators to support the work of the 18 partner structures of COVIDep-Homeless. This mobile team travels as close as possible to precarious people throughout Marseilles, following a \u201cgoing towards\u201d approach. The mediators have also provided access to places and communities which <\/span><span style=\"color: #99cc00;\">were\u00a0<\/span><span style=\"color: #99cc00;\">hitherto<\/span><span style=\"color: #99cc00;\">\u00a0<\/span><span style=\"color: #99cc00;\">deprived of their right to health.<\/span><\/p>\n<p><em>(Photo Sophie Gisclard COVID homeless)<\/em><\/p>\n<p><a href=\"https:\/\/festivaljeudeloie.fr\/projet\/impact-du-covid-chez-les-plus-precaires-a-marseille-hebergement-et-alimentation\/\" target=\"_blank\" rel=\"noopener noreferrer\"><img loading=\"lazy\" decoding=\"async\" class=\"size-medium wp-image-4235 alignleft\" src=\"https:\/\/www.prospectivecooperation.org\/wp-content\/uploads\/2020\/11\/Expo-Covid-Homeless-300x300.jpg\" alt=\"\" width=\"300\" height=\"300\" srcset=\"https:\/\/www.prospectivecooperation.org\/wp-content\/uploads\/2020\/11\/Expo-Covid-Homeless-300x300.jpg 300w, https:\/\/www.prospectivecooperation.org\/wp-content\/uploads\/2020\/11\/Expo-Covid-Homeless-150x150.jpg 150w, https:\/\/www.prospectivecooperation.org\/wp-content\/uploads\/2020\/11\/Expo-Covid-Homeless-768x768.jpg 768w, https:\/\/www.prospectivecooperation.org\/wp-content\/uploads\/2020\/11\/Expo-Covid-Homeless-600x600.jpg 600w, https:\/\/www.prospectivecooperation.org\/wp-content\/uploads\/2020\/11\/Expo-Covid-Homeless-672x672.jpg 672w, https:\/\/www.prospectivecooperation.org\/wp-content\/uploads\/2020\/11\/Expo-Covid-Homeless.jpg 900w\" sizes=\"auto, (max-width: 300px) 100vw, 300px\" \/><\/a><\/p>\n<p>&nbsp;<\/p>\n<p>&nbsp;<\/p>\n<p>&nbsp;<\/p>\n<p style=\"text-align: justify;\">This project also resulted in a <a href=\"https:\/\/festivaljeudeloie.fr\/projet\/impact-du-covid-chez-les-plus-precaires-a-marseille-hebergement-et-alimentation\/\" target=\"_blank\" rel=\"noopener noreferrer\">digital exhibition<\/a> on the 10th, 11th and 12th December 2020 as part of the <a href=\"https:\/\/festivaljeudeloie.fr\/\" target=\"_blank\" rel=\"noopener noreferrer\">Jeu de L\u2019Oie festival<\/a>, a social science and arts festival.<\/p>\n<p>&nbsp;<\/p>\n<p>&nbsp;<\/p>\n<p>&nbsp;<\/p>\n<p>&nbsp;<\/p>\n<p>&nbsp;<\/p>\n<p>&nbsp;<\/p>\n<p><a href=\"https:\/\/www.prospectivecooperation.org\/wp-content\/uploads\/2020\/11\/InvitVernissage.jpg\"><img loading=\"lazy\" decoding=\"async\" class=\"size-medium wp-image-4465 alignleft\" src=\"https:\/\/www.prospectivecooperation.org\/wp-content\/uploads\/2020\/11\/InvitVernissage-300x300.jpg\" alt=\"\" width=\"300\" height=\"300\" srcset=\"https:\/\/www.prospectivecooperation.org\/wp-content\/uploads\/2020\/11\/InvitVernissage-300x300.jpg 300w, https:\/\/www.prospectivecooperation.org\/wp-content\/uploads\/2020\/11\/InvitVernissage-1024x1024.jpg 1024w, https:\/\/www.prospectivecooperation.org\/wp-content\/uploads\/2020\/11\/InvitVernissage-150x150.jpg 150w, https:\/\/www.prospectivecooperation.org\/wp-content\/uploads\/2020\/11\/InvitVernissage-768x768.jpg 768w, https:\/\/www.prospectivecooperation.org\/wp-content\/uploads\/2020\/11\/InvitVernissage-600x600.jpg 600w, https:\/\/www.prospectivecooperation.org\/wp-content\/uploads\/2020\/11\/InvitVernissage-1536x1536.jpg 1536w, https:\/\/www.prospectivecooperation.org\/wp-content\/uploads\/2020\/11\/InvitVernissage-2048x2048.jpg 2048w, https:\/\/www.prospectivecooperation.org\/wp-content\/uploads\/2020\/11\/InvitVernissage-672x672.jpg 672w, https:\/\/www.prospectivecooperation.org\/wp-content\/uploads\/2020\/11\/InvitVernissage-1038x1038.jpg 1038w\" sizes=\"auto, (max-width: 300px) 100vw, 300px\" \/><\/a><\/p>\n<p>&nbsp;<\/p>\n<p>&nbsp;<\/p>\n<p>The exhibition took place also at La <a href=\"https:\/\/www.lafriche.org\/evenements\/covid-homeless\/\" target=\"_blank\" rel=\"noopener noreferrer\">Friche de la Belle de Mai in Marseilles, from the 2nd to the 10th October 2021<\/a>.<\/p>\n<p>&nbsp;<\/p>\n<p>&nbsp;<\/p>\n<p>&nbsp;<\/p>\n<p>&nbsp;<\/p>\n<p>&nbsp;<\/p>\n<p>&nbsp;<\/p>\n<h3>Relatives<span style=\"font-size: 16px;\"> r<\/span>esources:<\/h3>\n<p>[\/vc_column_text]\n\t<div class=\"kleo-carousel-container \">\n\t\t<div class=\"kleo-carousel-items kleo-carousel-post\" data-min-items=\"3\" data-max-items=\"6\">\n\t\t\t<ul class=\"kleo-carousel\">\n\n\t\t\t\t\n<li id=\"post-5544\" class=\"post-item col-sm-4 post-5544 post type-post status-publish format-standard has-post-thumbnail hentry category-resource tag-covidep-en\">\n    <article>\n\n\t\t<div class=\"post-image\"><a href=\"https:\/\/www.prospectivecooperation.org\/en\/prevac-dans-bmj-open\/\" class=\"element-wrap\"><img loading=\"lazy\" decoding=\"async\" width=\"480\" height=\"270\" src=\"https:\/\/www.prospectivecooperation.org\/wp-content\/uploads\/2023\/03\/BMJ-Open-480x270.png\" class=\"attachment-kleo-post-gallery size-kleo-post-gallery wp-post-image\" alt=\"\" \/><span class=\"hover-element\"><i>+<\/i><\/span><\/a><\/div><!--end post-image-->\n        <div class=\"entry-content\">\n            <h4 class=\"post-title entry-title\"><a href=\"https:\/\/www.prospectivecooperation.org\/en\/prevac-dans-bmj-open\/\">PREVAC dans BMJ Open<\/a><\/h4>\n\n            <span class=\"post-meta hidden hide\">\n                <small><a href=\"https:\/\/www.prospectivecooperation.org\/en\/prevac-dans-bmj-open\/\" rel=\"bookmark\" class=\"post-time\"><time class=\"entry-date\" datetime=\"2023-03-09T16:09:43+01:00\">9 March 2023<\/time><time class=\"modify-date hide hidden updated\" datetime=\"2023-03-09T16:11:06+01:00\">9 March 2023<\/time><\/a><\/small>            <\/span>\n\n\t\t\t                <hr>\n                <div class=\"entry-summary\">\n\t\t\t\t\t<p>Within the framework of the\u00a0PREVAC study, following the epidemiological study\u00a0COVIDep-Homeless,\u00a0was published the paper: \u201cCumulative incidence of SARS-CoV-2 infection within...<\/p>                <\/div><!-- .entry-summary -->\n\t\t\t        <\/div><!--end post-info-->\n\n    <\/article>\n<\/li>\n<li id=\"post-5526\" class=\"post-item col-sm-4 post-5526 post type-post status-publish format-standard has-post-thumbnail hentry category-resource tag-covidep-en\">\n    <article>\n\n\t\t<div class=\"post-image\"><a href=\"https:\/\/www.prospectivecooperation.org\/en\/prevac-in-communications-medicine\/\" class=\"element-wrap\"><img loading=\"lazy\" decoding=\"async\" width=\"480\" height=\"270\" src=\"https:\/\/www.prospectivecooperation.org\/wp-content\/uploads\/2023\/03\/CommunMed-Covid-1-480x270.png\" class=\"attachment-kleo-post-gallery size-kleo-post-gallery wp-post-image\" alt=\"\" \/><span class=\"hover-element\"><i>+<\/i><\/span><\/a><\/div><!--end post-image-->\n        <div class=\"entry-content\">\n            <h4 class=\"post-title entry-title\"><a href=\"https:\/\/www.prospectivecooperation.org\/en\/prevac-in-communications-medicine\/\">PREVAC in Communications Medicine<\/a><\/h4>\n\n            <span class=\"post-meta hidden hide\">\n                <small><a href=\"https:\/\/www.prospectivecooperation.org\/en\/prevac-in-communications-medicine\/\" rel=\"bookmark\" class=\"post-time\"><time class=\"entry-date\" datetime=\"2023-03-09T15:51:58+01:00\">9 March 2023<\/time><time class=\"modify-date hide hidden updated\" datetime=\"2023-03-09T15:58:10+01:00\">9 March 2023<\/time><\/a><\/small>            <\/span>\n\n\t\t\t                <hr>\n                <div class=\"entry-summary\">\n\t\t\t\t\t<p>Within the framework of the PREVAC study, following the epidemiological study COVIDep-Homeless, was published the paper: &#8220;Estimating COVID-19 vaccine...<\/p>                <\/div><!-- .entry-summary -->\n\t\t\t        <\/div><!--end post-info-->\n\n    <\/article>\n<\/li>\n<li id=\"post-4839\" class=\"post-item col-sm-4 post-4839 post type-post status-publish format-standard has-post-thumbnail hentry category-resource tag-covidep-en\">\n    <article>\n\n\t\t<div class=\"post-image\"><a href=\"https:\/\/www.prospectivecooperation.org\/en\/covidep-homeless-in-ijerph\/\" class=\"element-wrap\"><img loading=\"lazy\" decoding=\"async\" width=\"480\" height=\"240\" src=\"https:\/\/www.prospectivecooperation.org\/wp-content\/uploads\/2022\/04\/Int-J-Environ.png\" class=\"attachment-kleo-post-gallery size-kleo-post-gallery wp-post-image\" alt=\"\" srcset=\"https:\/\/www.prospectivecooperation.org\/wp-content\/uploads\/2022\/04\/Int-J-Environ.png 1000w, https:\/\/www.prospectivecooperation.org\/wp-content\/uploads\/2022\/04\/Int-J-Environ-300x150.png 300w, https:\/\/www.prospectivecooperation.org\/wp-content\/uploads\/2022\/04\/Int-J-Environ-768x384.png 768w, https:\/\/www.prospectivecooperation.org\/wp-content\/uploads\/2022\/04\/Int-J-Environ-600x300.png 600w, https:\/\/www.prospectivecooperation.org\/wp-content\/uploads\/2022\/04\/Int-J-Environ-672x336.png 672w\" sizes=\"auto, (max-width: 480px) 100vw, 480px\" \/><span class=\"hover-element\"><i>+<\/i><\/span><\/a><\/div><!--end post-image-->\n        <div class=\"entry-content\">\n            <h4 class=\"post-title entry-title\"><a href=\"https:\/\/www.prospectivecooperation.org\/en\/covidep-homeless-in-ijerph\/\">Covidep Homeless in IJERPH<\/a><\/h4>\n\n            <span class=\"post-meta hidden hide\">\n                <small><a href=\"https:\/\/www.prospectivecooperation.org\/en\/covidep-homeless-in-ijerph\/\" rel=\"bookmark\" class=\"post-time\"><time class=\"entry-date\" datetime=\"2022-04-05T12:07:15+02:00\">5 April 2022<\/time><time class=\"modify-date hide hidden updated\" datetime=\"2022-04-05T12:09:17+02:00\">5 April 2022<\/time><\/a><\/small>            <\/span>\n\n\t\t\t                <hr>\n                <div class=\"entry-summary\">\n\t\t\t\t\t<p>The Covidep Homeless project team published an article in the International Journal of Environmental Research and Public Health: \u201cResidential...<\/p>                <\/div><!-- .entry-summary -->\n\t\t\t        <\/div><!--end post-info-->\n\n    <\/article>\n<\/li>\n<li id=\"post-4841\" class=\"post-item col-sm-4 post-4841 post type-post status-publish format-standard has-post-thumbnail hentry category-resource tag-covidep-en\">\n    <article>\n\n\t\t<div class=\"post-image\"><a href=\"https:\/\/www.prospectivecooperation.org\/en\/covidep-homeless-in-plos-one\/\" class=\"element-wrap\"><img loading=\"lazy\" decoding=\"async\" width=\"480\" height=\"240\" src=\"https:\/\/www.prospectivecooperation.org\/wp-content\/uploads\/2022\/04\/Plos-One-3.png\" class=\"attachment-kleo-post-gallery size-kleo-post-gallery wp-post-image\" alt=\"\" srcset=\"https:\/\/www.prospectivecooperation.org\/wp-content\/uploads\/2022\/04\/Plos-One-3.png 1000w, https:\/\/www.prospectivecooperation.org\/wp-content\/uploads\/2022\/04\/Plos-One-3-300x150.png 300w, https:\/\/www.prospectivecooperation.org\/wp-content\/uploads\/2022\/04\/Plos-One-3-768x384.png 768w, https:\/\/www.prospectivecooperation.org\/wp-content\/uploads\/2022\/04\/Plos-One-3-600x300.png 600w, https:\/\/www.prospectivecooperation.org\/wp-content\/uploads\/2022\/04\/Plos-One-3-672x336.png 672w, https:\/\/www.prospectivecooperation.org\/wp-content\/uploads\/2022\/04\/Plos-One-3-480x240.png 480w\" sizes=\"auto, (max-width: 480px) 100vw, 480px\" \/><span class=\"hover-element\"><i>+<\/i><\/span><\/a><\/div><!--end post-image-->\n        <div class=\"entry-content\">\n            <h4 class=\"post-title entry-title\"><a href=\"https:\/\/www.prospectivecooperation.org\/en\/covidep-homeless-in-plos-one\/\">Covidep Homeless in PLoS One<\/a><\/h4>\n\n            <span class=\"post-meta hidden hide\">\n                <small><a href=\"https:\/\/www.prospectivecooperation.org\/en\/covidep-homeless-in-plos-one\/\" rel=\"bookmark\" class=\"post-time\"><time class=\"entry-date\" datetime=\"2022-04-05T12:06:20+02:00\">5 April 2022<\/time><time class=\"modify-date hide hidden updated\" datetime=\"2022-04-05T12:09:28+02:00\">5 April 2022<\/time><\/a><\/small>            <\/span>\n\n\t\t\t                <hr>\n                <div class=\"entry-summary\">\n\t\t\t\t\t<p>The Covidep Homeless project team published an article in the journal PLoS One: \u201cSeroprevalence of SARS-CoV-2 antibodies among homeless...<\/p>                <\/div><!-- .entry-summary -->\n\t\t\t        <\/div><!--end post-info-->\n\n    <\/article>\n<\/li>\n<li id=\"post-4843\" class=\"post-item col-sm-4 post-4843 post type-post status-publish format-standard has-post-thumbnail hentry category-resource tag-covidep-en\">\n    <article>\n\n\t\t<div class=\"post-image\"><a href=\"https:\/\/www.prospectivecooperation.org\/en\/covidep-homeless-in-public-health-in-practice\/\" class=\"element-wrap\"><img loading=\"lazy\" decoding=\"async\" width=\"480\" height=\"240\" src=\"https:\/\/www.prospectivecooperation.org\/wp-content\/uploads\/2022\/04\/SSM-Population-health-2.png\" class=\"attachment-kleo-post-gallery size-kleo-post-gallery wp-post-image\" alt=\"\" srcset=\"https:\/\/www.prospectivecooperation.org\/wp-content\/uploads\/2022\/04\/SSM-Population-health-2.png 1000w, https:\/\/www.prospectivecooperation.org\/wp-content\/uploads\/2022\/04\/SSM-Population-health-2-300x150.png 300w, https:\/\/www.prospectivecooperation.org\/wp-content\/uploads\/2022\/04\/SSM-Population-health-2-768x384.png 768w, https:\/\/www.prospectivecooperation.org\/wp-content\/uploads\/2022\/04\/SSM-Population-health-2-600x300.png 600w, https:\/\/www.prospectivecooperation.org\/wp-content\/uploads\/2022\/04\/SSM-Population-health-2-672x336.png 672w\" sizes=\"auto, (max-width: 480px) 100vw, 480px\" \/><span class=\"hover-element\"><i>+<\/i><\/span><\/a><\/div><!--end post-image-->\n        <div class=\"entry-content\">\n            <h4 class=\"post-title entry-title\"><a href=\"https:\/\/www.prospectivecooperation.org\/en\/covidep-homeless-in-public-health-in-practice\/\">Covidep Homeless in Public Health in Practice<\/a><\/h4>\n\n            <span class=\"post-meta hidden hide\">\n                <small><a href=\"https:\/\/www.prospectivecooperation.org\/en\/covidep-homeless-in-public-health-in-practice\/\" rel=\"bookmark\" class=\"post-time\"><time class=\"entry-date\" datetime=\"2022-04-05T12:05:17+02:00\">5 April 2022<\/time><time class=\"modify-date hide hidden updated\" datetime=\"2022-04-05T12:22:06+02:00\">5 April 2022<\/time><\/a><\/small>            <\/span>\n\n\t\t\t                <hr>\n                <div class=\"entry-summary\">\n\t\t\t\t\t<p>The Covidep Homeless project team published an article in the International Journal of Environmental Research and Public Health: \u201cSARS-CoV-2...<\/p>                <\/div><!-- .entry-summary -->\n\t\t\t        <\/div><!--end post-info-->\n\n    <\/article>\n<\/li>\n<li id=\"post-4846\" class=\"post-item col-sm-4 post-4846 post type-post status-publish format-standard has-post-thumbnail hentry category-resource tag-covidep-en\">\n    <article>\n\n\t\t<div class=\"post-image\"><a href=\"https:\/\/www.prospectivecooperation.org\/en\/covidep-homeless-in-ssm-population-health\/\" class=\"element-wrap\"><img loading=\"lazy\" decoding=\"async\" width=\"480\" height=\"240\" src=\"https:\/\/www.prospectivecooperation.org\/wp-content\/uploads\/2022\/04\/SSM-Population-health-1.png\" class=\"attachment-kleo-post-gallery size-kleo-post-gallery wp-post-image\" alt=\"\" srcset=\"https:\/\/www.prospectivecooperation.org\/wp-content\/uploads\/2022\/04\/SSM-Population-health-1.png 1000w, https:\/\/www.prospectivecooperation.org\/wp-content\/uploads\/2022\/04\/SSM-Population-health-1-300x150.png 300w, https:\/\/www.prospectivecooperation.org\/wp-content\/uploads\/2022\/04\/SSM-Population-health-1-768x384.png 768w, https:\/\/www.prospectivecooperation.org\/wp-content\/uploads\/2022\/04\/SSM-Population-health-1-600x300.png 600w, https:\/\/www.prospectivecooperation.org\/wp-content\/uploads\/2022\/04\/SSM-Population-health-1-672x336.png 672w, https:\/\/www.prospectivecooperation.org\/wp-content\/uploads\/2022\/04\/SSM-Population-health-1-480x240.png 480w\" sizes=\"auto, (max-width: 480px) 100vw, 480px\" \/><span class=\"hover-element\"><i>+<\/i><\/span><\/a><\/div><!--end post-image-->\n        <div class=\"entry-content\">\n            <h4 class=\"post-title entry-title\"><a href=\"https:\/\/www.prospectivecooperation.org\/en\/covidep-homeless-in-ssm-population-health\/\">Covidep Homeless in SSM &#8211; Population Health<\/a><\/h4>\n\n            <span class=\"post-meta hidden hide\">\n                <small><a href=\"https:\/\/www.prospectivecooperation.org\/en\/covidep-homeless-in-ssm-population-health\/\" rel=\"bookmark\" class=\"post-time\"><time class=\"entry-date\" datetime=\"2022-04-05T12:04:04+02:00\">5 April 2022<\/time><time class=\"modify-date hide hidden updated\" datetime=\"2022-04-05T12:27:00+02:00\">5 April 2022<\/time><\/a><\/small>            <\/span>\n\n\t\t\t                <hr>\n                <div class=\"entry-summary\">\n\t\t\t\t\t<p>The Covidep Homeless project team published an article in the journal SSM &#8211; Population Health: \u201c&#8220;Locked down outside&#8221;: Perception...<\/p>                <\/div><!-- .entry-summary -->\n\t\t\t        <\/div><!--end post-info-->\n\n    <\/article>\n<\/li>\n<li id=\"post-4850\" class=\"post-item col-sm-4 post-4850 post type-post status-publish format-standard has-post-thumbnail hentry category-resource tag-covidep-en\">\n    <article>\n\n\t\t<div class=\"post-image\"><a href=\"https:\/\/www.prospectivecooperation.org\/en\/covidep-homeless-in-the-journal-sfsp\/\" class=\"element-wrap\"><img loading=\"lazy\" decoding=\"async\" width=\"480\" height=\"232\" src=\"https:\/\/www.prospectivecooperation.org\/wp-content\/uploads\/2022\/04\/SFSP2.png\" class=\"attachment-kleo-post-gallery size-kleo-post-gallery wp-post-image\" alt=\"\" srcset=\"https:\/\/www.prospectivecooperation.org\/wp-content\/uploads\/2022\/04\/SFSP2.png 746w, https:\/\/www.prospectivecooperation.org\/wp-content\/uploads\/2022\/04\/SFSP2-300x145.png 300w, https:\/\/www.prospectivecooperation.org\/wp-content\/uploads\/2022\/04\/SFSP2-600x290.png 600w, https:\/\/www.prospectivecooperation.org\/wp-content\/uploads\/2022\/04\/SFSP2-672x324.png 672w\" sizes=\"auto, (max-width: 480px) 100vw, 480px\" \/><span class=\"hover-element\"><i>+<\/i><\/span><\/a><\/div><!--end post-image-->\n        <div class=\"entry-content\">\n            <h4 class=\"post-title entry-title\"><a href=\"https:\/\/www.prospectivecooperation.org\/en\/covidep-homeless-in-the-journal-sfsp\/\">Covidep Homeless in the journal SFSP<\/a><\/h4>\n\n            <span class=\"post-meta hidden hide\">\n                <small><a href=\"https:\/\/www.prospectivecooperation.org\/en\/covidep-homeless-in-the-journal-sfsp\/\" rel=\"bookmark\" class=\"post-time\"><time class=\"entry-date\" datetime=\"2022-04-05T12:03:56+02:00\">5 April 2022<\/time><time class=\"modify-date hide hidden updated\" datetime=\"2022-04-05T12:09:46+02:00\">5 April 2022<\/time><\/a><\/small>            <\/span>\n\n\t\t\t                <hr>\n                <div class=\"entry-summary\">\n\t\t\t\t\t<p>The Covidep Homeless project team published an article in the journal SFSP,\u00a0Soci\u00e9t\u00e9 Fran\u00e7aise de Sant\u00e9 Publique: \u201cUn mod\u00e8le innovant...<\/p>                <\/div><!-- .entry-summary -->\n\t\t\t        <\/div><!--end post-info-->\n\n    <\/article>\n<\/li>\n<li id=\"post-4860\" class=\"post-item col-sm-4 post-4860 post type-post status-publish format-standard has-post-thumbnail hentry category-resource tag-covidep-en\">\n    <article>\n\n\t\t<div class=\"post-image\"><a href=\"https:\/\/www.prospectivecooperation.org\/en\/vaccination-coverage-and-great-precariousness-report\/\" class=\"element-wrap\"><img loading=\"lazy\" decoding=\"async\" width=\"480\" height=\"262\" src=\"https:\/\/www.prospectivecooperation.org\/wp-content\/uploads\/2022\/04\/Rapport-PREVAC-1.jpg\" class=\"attachment-kleo-post-gallery size-kleo-post-gallery wp-post-image\" alt=\"\" srcset=\"https:\/\/www.prospectivecooperation.org\/wp-content\/uploads\/2022\/04\/Rapport-PREVAC-1.jpg 1274w, https:\/\/www.prospectivecooperation.org\/wp-content\/uploads\/2022\/04\/Rapport-PREVAC-1-300x164.jpg 300w, https:\/\/www.prospectivecooperation.org\/wp-content\/uploads\/2022\/04\/Rapport-PREVAC-1-1024x559.jpg 1024w, https:\/\/www.prospectivecooperation.org\/wp-content\/uploads\/2022\/04\/Rapport-PREVAC-1-768x419.jpg 768w, https:\/\/www.prospectivecooperation.org\/wp-content\/uploads\/2022\/04\/Rapport-PREVAC-1-600x327.jpg 600w, https:\/\/www.prospectivecooperation.org\/wp-content\/uploads\/2022\/04\/Rapport-PREVAC-1-672x367.jpg 672w, https:\/\/www.prospectivecooperation.org\/wp-content\/uploads\/2022\/04\/Rapport-PREVAC-1-1038x566.jpg 1038w\" sizes=\"auto, (max-width: 480px) 100vw, 480px\" \/><span class=\"hover-element\"><i>+<\/i><\/span><\/a><\/div><!--end post-image-->\n        <div class=\"entry-content\">\n            <h4 class=\"post-title entry-title\"><a href=\"https:\/\/www.prospectivecooperation.org\/en\/vaccination-coverage-and-great-precariousness-report\/\">Immunization coverage and great precariousness: report<\/a><\/h4>\n\n            <span class=\"post-meta hidden hide\">\n                <small><a href=\"https:\/\/www.prospectivecooperation.org\/en\/vaccination-coverage-and-great-precariousness-report\/\" rel=\"bookmark\" class=\"post-time\"><time class=\"entry-date\" datetime=\"2022-04-05T11:55:20+02:00\">5 April 2022<\/time><time class=\"modify-date hide hidden updated\" datetime=\"2022-04-05T12:58:17+02:00\">5 April 2022<\/time><\/a><\/small>            <\/span>\n\n\t\t\t                <hr>\n                <div class=\"entry-summary\">\n\t\t\t\t\t<p>The final report of the PREVAC study was published, under the title: &#8220;PREVAC: Estimation of vaccination coverage and factors...<\/p>                <\/div><!-- .entry-summary -->\n\t\t\t        <\/div><!--end post-info-->\n\n    <\/article>\n<\/li>\n<li id=\"post-4856\" class=\"post-item col-sm-4 post-4856 post type-post status-publish format-standard has-post-thumbnail hentry category-resource tag-covidep-en\">\n    <article>\n\n\t\t<div class=\"post-image\"><a href=\"https:\/\/www.prospectivecooperation.org\/en\/covidep-homeless-in-alternatives-humanitaires\/\" class=\"element-wrap\"><img loading=\"lazy\" decoding=\"async\" width=\"429\" height=\"270\" src=\"https:\/\/www.prospectivecooperation.org\/wp-content\/uploads\/2022\/04\/Alt-hum.png\" class=\"attachment-kleo-post-gallery size-kleo-post-gallery wp-post-image\" alt=\"\" srcset=\"https:\/\/www.prospectivecooperation.org\/wp-content\/uploads\/2022\/04\/Alt-hum.png 709w, https:\/\/www.prospectivecooperation.org\/wp-content\/uploads\/2022\/04\/Alt-hum-300x189.png 300w, https:\/\/www.prospectivecooperation.org\/wp-content\/uploads\/2022\/04\/Alt-hum-600x377.png 600w, https:\/\/www.prospectivecooperation.org\/wp-content\/uploads\/2022\/04\/Alt-hum-672x423.png 672w\" sizes=\"auto, (max-width: 429px) 100vw, 429px\" \/><span class=\"hover-element\"><i>+<\/i><\/span><\/a><\/div><!--end post-image-->\n        <div class=\"entry-content\">\n            <h4 class=\"post-title entry-title\"><a href=\"https:\/\/www.prospectivecooperation.org\/en\/covidep-homeless-in-alternatives-humanitaires\/\">Covidep Homeless in Alternatives humanitaires<\/a><\/h4>\n\n            <span class=\"post-meta hidden hide\">\n                <small><a href=\"https:\/\/www.prospectivecooperation.org\/en\/covidep-homeless-in-alternatives-humanitaires\/\" rel=\"bookmark\" class=\"post-time\"><time class=\"entry-date\" datetime=\"2022-04-05T11:41:18+02:00\">5 April 2022<\/time><time class=\"modify-date hide hidden updated\" datetime=\"2022-04-05T12:58:09+02:00\">5 April 2022<\/time><\/a><\/small>            <\/span>\n\n\t\t\t                <hr>\n                <div class=\"entry-summary\">\n\t\t\t\t\t<p>&#8220;Si Marseille a beaucoup fait parler d\u2019elle depuis le d\u00e9but de la pand\u00e9mie, le travail men\u00e9 par ses acteurs...<\/p>                <\/div><!-- .entry-summary -->\n\t\t\t        <\/div><!--end post-info-->\n\n    <\/article>\n<\/li>\n\t\t\t<\/ul>\n\t\t<\/div>\n\t\t<div class=\"carousel-arrow\">\n\t\t\t<a class=\"carousel-prev\" href=\"#\"><i class=\"icon-angle-left\"><\/i><\/a>\n\t\t\t<a class=\"carousel-next\" href=\"#\"><i class=\"icon-angle-right\"><\/i><\/a>\n\t\t<\/div>\n\t\t<div class=\"kleo-carousel-post-pager carousel-pager\"><\/div>\n\t<\/div><!--end carousel-container-->\n\n[\/vc_column][\/vc_row][vc_row][vc_column][vc_gallery type=&#8221;grid&#8221; images=&#8221;4158,3037,4152&#8243; onclick=&#8221;custom_link&#8221; title=&#8221;Partenaires&#8221; custom_links=&#8221;#E-8_aHR0cCUzQSUyRiUyRmZyLmFwLWhtLmZyJTJGJTJDaHR0cHMlM0ElMkYlMkZ3d3cubWVkZWNpbnNkdW1vbmRlLm9yZyUyRmZyJTJDaHR0cHMlM0ElMkYlMkZwcm9qZXRhc3NhYi5vcmclMkY=&#8221;][\/vc_column][\/vc_row]<\/p>\n<\/div>","protected":false},"excerpt":{"rendered":"<p>[vc_row][vc_column][vc_column_text] Isolated, deprived of access to free rest and cultural places, sanitary conditions deteriorated due to hygiene equipment closed, contaminated in accommodation centers where distances are difficult to respect&#8230; The health crisis has particularly impacted the homeless people. To measure this impact, the AP-HM in partnership with M\u00e9decins du Monde and the ASSAb coordination (Access to rights and care for [&hellip;]<\/p>\n","protected":false},"author":5,"featured_media":4230,"comment_status":"open","ping_status":"open","sticky":false,"template":"","format":"standard","meta":{"footnotes":""},"categories":[90],"tags":[],"class_list":["post-4189","post","type-post","status-publish","format-standard","has-post-thumbnail","hentry","category-dev-cit"],"_links":{"self":[{"href":"https:\/\/www.prospectivecooperation.org\/en\/wp-json\/wp\/v2\/posts\/4189","targetHints":{"allow":["GET"]}}],"collection":[{"href":"https:\/\/www.prospectivecooperation.org\/en\/wp-json\/wp\/v2\/posts"}],"about":[{"href":"https:\/\/www.prospectivecooperation.org\/en\/wp-json\/wp\/v2\/types\/post"}],"author":[{"embeddable":true,"href":"https:\/\/www.prospectivecooperation.org\/en\/wp-json\/wp\/v2\/users\/5"}],"replies":[{"embeddable":true,"href":"https:\/\/www.prospectivecooperation.org\/en\/wp-json\/wp\/v2\/comments?post=4189"}],"version-history":[{"count":10,"href":"https:\/\/www.prospectivecooperation.org\/en\/wp-json\/wp\/v2\/posts\/4189\/revisions"}],"predecessor-version":[{"id":4865,"href":"https:\/\/www.prospectivecooperation.org\/en\/wp-json\/wp\/v2\/posts\/4189\/revisions\/4865"}],"wp:featuredmedia":[{"embeddable":true,"href":"https:\/\/www.prospectivecooperation.org\/en\/wp-json\/wp\/v2\/media\/4230"}],"wp:attachment":[{"href":"https:\/\/www.prospectivecooperation.org\/en\/wp-json\/wp\/v2\/media?parent=4189"}],"wp:term":[{"taxonomy":"category","embeddable":true,"href":"https:\/\/www.prospectivecooperation.org\/en\/wp-json\/wp\/v2\/categories?post=4189"},{"taxonomy":"post_tag","embeddable":true,"href":"https:\/\/www.prospectivecooperation.org\/en\/wp-json\/wp\/v2\/tags?post=4189"}],"curies":[{"name":"wp","href":"https:\/\/api.w.org\/{rel}","templated":true}]}}